{"id":255,"date":"2026-01-01T02:16:21","date_gmt":"2026-01-01T02:16:21","guid":{"rendered":"https:\/\/docusacademy.docusflix.com\/?p=255"},"modified":"2026-01-01T02:19:47","modified_gmt":"2026-01-01T02:19:47","slug":"de-laube-de-la-raison-a-leveil-de-lindividu-une-histoire-de-la-philosophie","status":"publish","type":"post","link":"https:\/\/docusacademy.docusflix.com\/?p=255","title":{"rendered":"De l&rsquo;Aube de la Raison \u00e0 l&rsquo;\u00c9veil de l&rsquo;Individu : Une Histoire de la Philosophie"},"content":{"rendered":"\n<p>L&rsquo;histoire de la philosophie n&rsquo;est pas une simple liste d&rsquo;id\u00e9es, c&rsquo;est une conversation continue. Elle commence par une question simple : \u00ab\u00a0De quoi le monde est-il fait ?\u00a0\u00bb pour finir par se demander : \u00ab\u00a0Que puis-je savoir ?\u00a0\u00bb<\/p>\n\n\n\n<h2 class=\"wp-block-heading\">1. L&rsquo;\u00c8re Pr\u00e9socratique : La qu\u00eate de l&rsquo;Origine (<em>L&rsquo;Arch\u00e8<\/em>)<\/h2>\n\n\n\n<p>Avant Socrate, les penseurs (Thal\u00e8s, H\u00e9raclite, Parm\u00e9nide) ne s&rsquo;int\u00e9ressaient pas tant \u00e0 l&rsquo;homme qu&rsquo;\u00e0 la <strong>Physis<\/strong> (la nature). Ils cherchaient l&rsquo;\u00e9l\u00e9ment primordial unique qui compose l&rsquo;univers. C\u2019est la naissance de la pens\u00e9e scientifique : on passe du mythe (les dieux) au <em>Logos<\/em> (la raison).<\/p>\n\n\n\n<h2 class=\"wp-block-heading\">2. L&rsquo;\u00c2ge Classique : L&rsquo;Homme au centre<\/h2>\n\n\n\n<p>Avec <strong>Socrate<\/strong>, la philosophie descend du ciel sur la terre. On ne cherche plus seulement \u00e0 comprendre les \u00e9toiles, mais \u00e0 savoir comment vivre une \u00ab\u00a0vie bonne\u00a0\u00bb. <strong>Platon<\/strong> invente le monde des Id\u00e9es (distinguant le para\u00eetre de l&rsquo;\u00eatre), tandis qu&rsquo;<strong>Aristote<\/strong> fonde la logique et observe le monde sensible.<\/p>\n\n\n\n<h2 class=\"wp-block-heading\">3. La Scolastique M\u00e9di\u00e9vale : La Foi et la Raison<\/h2>\n\n\n\n<p>Pendant un mill\u00e9naire, la philosophie se met au service de la th\u00e9ologie. Le d\u00e9fi pour des penseurs comme <strong>Saint Augustin<\/strong> ou <strong>Saint Thomas d&rsquo;Aquin<\/strong> est de prouver que la raison humaine ne contredit pas la r\u00e9v\u00e9lation divine.<\/p>\n\n\n\n<h2 class=\"wp-block-heading\">4. La Modernit\u00e9 : Le Sujet et la M\u00e9thode<\/h2>\n\n\n\n<p>La rupture moderne s&rsquo;op\u00e8re avec <strong>Ren\u00e9 Descartes<\/strong>. Ce n&rsquo;est plus Dieu ou la Nature qui est le point de d\u00e9part, mais le \u00ab\u00a0Moi\u00a0\u00bb (<em>Je pense donc je suis<\/em>). La philosophie devient une qu\u00eate de certitude, de m\u00e9thode et de limites de l&rsquo;esprit humain, culminant avec la synth\u00e8se d&rsquo;<strong>Emmanuel Kant<\/strong>.<\/p>\n\n\n\n<hr class=\"wp-block-separator has-alpha-channel-opacity\"\/>\n\n\n\n<h2 class=\"wp-block-heading\">Tableau Synoptique : Des Pr\u00e9socratiques aux Modernes<\/h2>\n\n\n\n<p>Ce tableau retrace les figures majeures qui ont jalonn\u00e9 ces grandes \u00e9poques.<\/p>\n\n\n\n<figure class=\"wp-block-table\"><table class=\"has-fixed-layout\"><thead><tr><td>Nom<\/td><td>Dates \/ P\u00e9riode<\/td><td>Courant \/ \u00c9cole<\/td><td>Concept Cl\u00e9<\/td><\/tr><\/thead><tbody><tr><td><strong>Thal\u00e8s de Milet<\/strong><\/td><td>v. 624 \u2013 546 av. J.-C.<\/td><td><strong>Pr\u00e9socratique<\/strong><\/td><td>L&rsquo;eau comme principe premier (<em>Arch\u00e8<\/em>).<\/td><\/tr><tr><td><strong>H\u00e9raclite<\/strong><\/td><td>v. 535 \u2013 475 av. J.-C.<\/td><td><strong>Mobilisme<\/strong><\/td><td>Le changement perp\u00e9tuel (<em>Panta Rhei<\/em>).<\/td><\/tr><tr><td><strong>Socrate<\/strong><\/td><td>v. 470 \u2013 399 av. J.-C.<\/td><td><strong>Ma\u00efeutique<\/strong><\/td><td>\u00ab\u00a0Connais-toi toi-m\u00eame\u00a0\u00bb. L&rsquo;\u00e9thique par le questionnement.<\/td><\/tr><tr><td><strong>Platon<\/strong><\/td><td>v. 427 \u2013 347 av. J.-C.<\/td><td><strong>Id\u00e9alisme<\/strong><\/td><td>La th\u00e9orie des Formes (le monde des Id\u00e9es).<\/td><\/tr><tr><td><strong>Aristote<\/strong><\/td><td>384 \u2013 322 av. J.-C.<\/td><td><strong>Empirisme \/ Lyc\u00e9e<\/strong><\/td><td>La logique formelle et la vertu comme juste milieu.<\/td><\/tr><tr><td><strong>St Thomas d&rsquo;Aquin<\/strong><\/td><td>1225 \u2013 1274<\/td><td><strong>Scolastique<\/strong><\/td><td>Synth\u00e8se entre Aristote et le Christianisme.<\/td><\/tr><tr><td><strong>Ren\u00e9 Descartes<\/strong><\/td><td>1596 \u2013 1650<\/td><td><strong>Rationalisme<\/strong><\/td><td>Le doute m\u00e9thodique et le <em>Cogito<\/em>.<\/td><\/tr><tr><td><strong>Baruch Spinoza<\/strong><\/td><td>1632 \u2013 1677<\/td><td><strong>Monisme<\/strong><\/td><td><em>Deus sive Natura<\/em> (Dieu ou la Nature).<\/td><\/tr><tr><td><strong>John Locke<\/strong><\/td><td>1632 \u2013 1704<\/td><td><strong>Empirisme<\/strong><\/td><td>L&rsquo;esprit comme une \u00ab\u00a0tabula rasa\u00a0\u00bb (table rase).<\/td><\/tr><tr><td><strong>Emmanuel Kant<\/strong><\/td><td>1724 \u2013 1804<\/td><td><strong>Criticisme<\/strong><\/td><td>Les limites de la raison et l&rsquo;imp\u00e9ratif cat\u00e9gorique.<\/td><\/tr><tr><td><strong>G.W.F. Hegel<\/strong><\/td><td>1770 \u2013 1831<\/td><td><strong>Id\u00e9alisme Allemand<\/strong><\/td><td>La dialectique et l&rsquo;Esprit dans l&rsquo;Histoire.<\/td><\/tr><\/tbody><\/table><\/figure>\n\n\n\n<h3 class=\"wp-block-heading\">Pourquoi cette \u00e9volution est-elle cruciale ?<\/h3>\n\n\n\n<p>Comprendre ce passage des Pr\u00e9socratiques aux Modernes, c&rsquo;est comprendre comment nous sommes devenus des individus capables d&rsquo;esprit critique. Nous sommes pass\u00e9s d&rsquo;un monde r\u00e9gi par le destin et les \u00e9l\u00e9ments \u00e0 un monde d\u00e9fini par la libert\u00e9 et la conscience de soi.<\/p>\n\n\n\n<p>patrice atallah<\/p>\n","protected":false},"excerpt":{"rendered":"<p>L&rsquo;histoire de la philosophie n&rsquo;est pas une simple liste d&rsquo;id\u00e9es, c&rsquo;est une conversation continue. Elle commence par une<\/p>\n","protected":false},"author":1,"featured_media":256,"comment_status":"open","ping_status":"open","sticky":false,"template":"","format":"standard","meta":{"footnotes":""},"categories":[6],"tags":[],"ppma_author":[9],"class_list":["post-255","post","type-post","status-publish","format-standard","has-post-thumbnail","hentry","category-philo"],"authors":[{"term_id":9,"user_id":1,"is_guest":0,"slug":"admin","display_name":"PATRICE ATALLAH","avatar_url":{"url":"https:\/\/docusacademy.docusflix.com\/wp-content\/uploads\/2026\/01\/task_01kcy3sj6hezbsr6derm80byxm_1766242263_img_0.webp","url2x":"https:\/\/docusacademy.docusflix.com\/wp-content\/uploads\/2026\/01\/task_01kcy3sj6hezbsr6derm80byxm_1766242263_img_0.webp"},"0":null,"1":"","2":"","3":"","4":"","5":"","6":"","7":"","8":""}],"_links":{"self":[{"href":"https:\/\/docusacademy.docusflix.com\/index.php?rest_route=\/wp\/v2\/posts\/255","targetHints":{"allow":["GET"]}}],"collection":[{"href":"https:\/\/docusacademy.docusflix.com\/index.php?rest_route=\/wp\/v2\/posts"}],"about":[{"href":"https:\/\/docusacademy.docusflix.com\/index.php?rest_route=\/wp\/v2\/types\/post"}],"author":[{"embeddable":true,"href":"https:\/\/docusacademy.docusflix.com\/index.php?rest_route=\/wp\/v2\/users\/1"}],"replies":[{"embeddable":true,"href":"https:\/\/docusacademy.docusflix.com\/index.php?rest_route=%2Fwp%2Fv2%2Fcomments&post=255"}],"version-history":[{"count":2,"href":"https:\/\/docusacademy.docusflix.com\/index.php?rest_route=\/wp\/v2\/posts\/255\/revisions"}],"predecessor-version":[{"id":258,"href":"https:\/\/docusacademy.docusflix.com\/index.php?rest_route=\/wp\/v2\/posts\/255\/revisions\/258"}],"wp:featuredmedia":[{"embeddable":true,"href":"https:\/\/docusacademy.docusflix.com\/index.php?rest_route=\/wp\/v2\/media\/256"}],"wp:attachment":[{"href":"https:\/\/docusacademy.docusflix.com\/index.php?rest_route=%2Fwp%2Fv2%2Fmedia&parent=255"}],"wp:term":[{"taxonomy":"category","embeddable":true,"href":"https:\/\/docusacademy.docusflix.com\/index.php?rest_route=%2Fwp%2Fv2%2Fcategories&post=255"},{"taxonomy":"post_tag","embeddable":true,"href":"https:\/\/docusacademy.docusflix.com\/index.php?rest_route=%2Fwp%2Fv2%2Ftags&post=255"},{"taxonomy":"author","embeddable":true,"href":"https:\/\/docusacademy.docusflix.com\/index.php?rest_route=%2Fwp%2Fv2%2Fppma_author&post=255"}],"curies":[{"name":"wp","href":"https:\/\/api.w.org\/{rel}","templated":true}]}}