{"id":223,"date":"2025-12-29T11:46:42","date_gmt":"2025-12-29T11:46:42","guid":{"rendered":"https:\/\/docusacademy.docusflix.com\/?p=223"},"modified":"2025-12-30T00:18:07","modified_gmt":"2025-12-30T00:18:07","slug":"tibere-lheritier-involontaire","status":"publish","type":"post","link":"https:\/\/docusacademy.docusflix.com\/?p=223","title":{"rendered":"Tib\u00e8re : L\u2019H\u00e9ritier Involontaire"},"content":{"rendered":"\n<h2 class=\"wp-block-heading\">Identit\u00e9<\/h2>\n\n\n\n<ul class=\"wp-block-list\">\n<li><strong>Nom complet<\/strong> : Tiberius Claudius Nero \u2192 Tiberius Julius Caesar<\/li>\n\n\n\n<li><strong>Dates<\/strong> : 42 av. J.-C. \u2013 37 ap. J.-C.<\/li>\n\n\n\n<li><strong>R\u00e8gne<\/strong> : 14 \u2013 37 ap. J.-C.<\/li>\n\n\n\n<li><strong>Statut<\/strong> : 2\u1d49 empereur romain<\/li>\n<\/ul>\n\n\n\n<h2 class=\"wp-block-heading\">Origines et ascension<\/h2>\n\n\n\n<ul class=\"wp-block-list\">\n<li><strong>Famille<\/strong> : Fils de Livie, \u00e9pouse d\u2019Auguste. Il devient le beau-fils puis le fils adoptif d\u2019Auguste.<\/li>\n\n\n\n<li><strong>Carri\u00e8re militaire<\/strong> : G\u00e9n\u00e9ral exp\u00e9riment\u00e9, il m\u00e8ne des campagnes en Germanie et en Orient.<\/li>\n\n\n\n<li><strong>Succession<\/strong> : Auguste l\u2019adopte et le d\u00e9signe comme h\u00e9ritier, faute d\u2019alternative.<\/li>\n<\/ul>\n\n\n\n<h2 class=\"wp-block-heading\">R\u00e8gne<\/h2>\n\n\n\n<ul class=\"wp-block-list\">\n<li><strong>Administration solide<\/strong> : Il maintient les r\u00e9formes d\u2019Auguste, assure la stabilit\u00e9 et la discipline.<\/li>\n\n\n\n<li><strong>Politique prudente<\/strong> : Il limite les d\u00e9penses, renforce les fronti\u00e8res, et \u00e9vite les conqu\u00eates inutiles.<\/li>\n\n\n\n<li><strong>Relations tendues avec le S\u00e9nat<\/strong> : Il se m\u00e9fie des \u00e9lites et se retire progressivement du pouvoir.<\/li>\n<\/ul>\n\n\n\n<h2 class=\"wp-block-heading\">Retrait \u00e0 Capri<\/h2>\n\n\n\n<ul class=\"wp-block-list\">\n<li>En 26 ap. J.-C., il quitte Rome pour s\u2019installer sur l\u2019\u00eele de <strong>Capri<\/strong>, laissant le pouvoir \u00e0 ses conseillers.<\/li>\n\n\n\n<li>Le plus influent : <strong>S\u00e9jan<\/strong>, chef de la Garde pr\u00e9torienne, qui manipule l\u2019appareil d\u2019\u00c9tat jusqu\u2019\u00e0 sa chute.<\/li>\n<\/ul>\n\n\n\n<h2 class=\"wp-block-heading\">Fin et succession<\/h2>\n\n\n\n<ul class=\"wp-block-list\">\n<li><strong>Mort<\/strong> : En 37 ap. J.-C., \u00e0 77 ans, dans des circonstances troubles.<\/li>\n\n\n\n<li><strong>Successeur<\/strong> : Son petit-neveu <strong>Caligula<\/strong>, fils de Germanicus.<\/li>\n\n\n\n<li><strong>Image posthume<\/strong> : Sombre, tyrannique, mais injustement ternie par les historiens pro-s\u00e9natoriaux.<\/li>\n<\/ul>\n\n\n\n<h2 class=\"wp-block-heading\">Citation<\/h2>\n\n\n\n<blockquote class=\"wp-block-quote is-layout-flow wp-block-quote-is-layout-flow\">\n<p>\u00ab Que tous les dieux me ha\u00efssent, pourvu que le peuple m\u2019applaudisse. \u00bb<\/p>\n<\/blockquote>\n\n\n\n<h2 class=\"wp-block-heading\">Anecdotes<\/h2>\n\n\n\n<ul class=\"wp-block-list\">\n<li>Il d\u00e9testait la vie publique et r\u00eavait d\u2019un retour \u00e0 la R\u00e9publique.<\/li>\n\n\n\n<li>Il a instaur\u00e9 un climat de suspicion \u00e0 Rome, avec des proc\u00e8s pour trahison.<\/li>\n\n\n\n<li>Sa retraite \u00e0 Capri a nourri des l\u00e9gendes de d\u00e9bauche et de cruaut\u00e9, souvent exag\u00e9r\u00e9es.<\/li>\n<\/ul>\n\n\n\n<p>patrice atallah<\/p>\n\n\n\n<p><\/p>\n","protected":false},"excerpt":{"rendered":"<p>Identit\u00e9 Origines et ascension R\u00e8gne Retrait \u00e0 Capri Fin et succession Citation \u00ab Que tous les dieux me<\/p>\n","protected":false},"author":1,"featured_media":232,"comment_status":"open","ping_status":"open","sticky":false,"template":"","format":"standard","meta":{"footnotes":""},"categories":[3],"tags":[],"ppma_author":[9],"class_list":["post-223","post","type-post","status-publish","format-standard","has-post-thumbnail","hentry","category-histoire-geo"],"authors":[{"term_id":9,"user_id":1,"is_guest":0,"slug":"admin","display_name":"PATRICE ATALLAH","avatar_url":{"url":"https:\/\/docusacademy.docusflix.com\/wp-content\/uploads\/2026\/01\/task_01kcy3sj6hezbsr6derm80byxm_1766242263_img_0.webp","url2x":"https:\/\/docusacademy.docusflix.com\/wp-content\/uploads\/2026\/01\/task_01kcy3sj6hezbsr6derm80byxm_1766242263_img_0.webp"},"0":null,"1":"","2":"","3":"","4":"","5":"","6":"","7":"","8":""}],"_links":{"self":[{"href":"https:\/\/docusacademy.docusflix.com\/index.php?rest_route=\/wp\/v2\/posts\/223","targetHints":{"allow":["GET"]}}],"collection":[{"href":"https:\/\/docusacademy.docusflix.com\/index.php?rest_route=\/wp\/v2\/posts"}],"about":[{"href":"https:\/\/docusacademy.docusflix.com\/index.php?rest_route=\/wp\/v2\/types\/post"}],"author":[{"embeddable":true,"href":"https:\/\/docusacademy.docusflix.com\/index.php?rest_route=\/wp\/v2\/users\/1"}],"replies":[{"embeddable":true,"href":"https:\/\/docusacademy.docusflix.com\/index.php?rest_route=%2Fwp%2Fv2%2Fcomments&post=223"}],"version-history":[{"count":1,"href":"https:\/\/docusacademy.docusflix.com\/index.php?rest_route=\/wp\/v2\/posts\/223\/revisions"}],"predecessor-version":[{"id":225,"href":"https:\/\/docusacademy.docusflix.com\/index.php?rest_route=\/wp\/v2\/posts\/223\/revisions\/225"}],"wp:featuredmedia":[{"embeddable":true,"href":"https:\/\/docusacademy.docusflix.com\/index.php?rest_route=\/wp\/v2\/media\/232"}],"wp:attachment":[{"href":"https:\/\/docusacademy.docusflix.com\/index.php?rest_route=%2Fwp%2Fv2%2Fmedia&parent=223"}],"wp:term":[{"taxonomy":"category","embeddable":true,"href":"https:\/\/docusacademy.docusflix.com\/index.php?rest_route=%2Fwp%2Fv2%2Fcategories&post=223"},{"taxonomy":"post_tag","embeddable":true,"href":"https:\/\/docusacademy.docusflix.com\/index.php?rest_route=%2Fwp%2Fv2%2Ftags&post=223"},{"taxonomy":"author","embeddable":true,"href":"https:\/\/docusacademy.docusflix.com\/index.php?rest_route=%2Fwp%2Fv2%2Fppma_author&post=223"}],"curies":[{"name":"wp","href":"https:\/\/api.w.org\/{rel}","templated":true}]}}